{"id":1746,"date":"2025-06-02T17:03:00","date_gmt":"2025-06-02T16:03:00","guid":{"rendered":"https:\/\/testing.websbg.com\/?p=1746"},"modified":"2025-08-18T15:50:57","modified_gmt":"2025-08-18T14:50:57","slug":"kamelidenfamilie-der-lamini","status":"publish","type":"post","link":"https:\/\/camelpark.es\/de\/kamelidenfamilie-der-lamini\/","title":{"rendered":"Treffen Sie die Lamini - die s\u00fcdamerikanischen Mitglieder der Kamelidenfamilie \ud83e\udd99"},"content":{"rendered":"<p>In einem fr\u00fcheren Artikel haben wir \u00fcber die verschiedenen Arten von\u00a0<a href=\"https:\/\/camelpark.es\/de\/tipos-de-camellos\/\">aktuelle Camellos, die es gibt<\/a>In einem fr\u00fcheren Artikel haben wir uns mit den verschiedenen Kamelarten besch\u00e4ftigt, die heute in den trockenen Ebenen Asiens und Afrikas leben. Aber die <strong>Familie Camelidae<\/strong> ist gr\u00f6\u00dfer als das - und heute lernen wir seinen s\u00fcdamerikanischen Zweig kennen: die <strong>Lamini<\/strong>.<\/p>\n\n\n\n<hr class=\"wp-block-separator has-alpha-channel-opacity\"\/>\n\n\n\n<h2 class=\"wp-block-heading\">\ud83d\udc2a Wer sind die Lamini?<\/h2>\n\n\n\n<p>Der Lamini, auch bekannt als <strong>Auqueniden<\/strong>geh\u00f6ren zur Familie der Kameliden. Diese Gruppe umfasst zwei Gattungen - <em>Lama<\/em> und <em>Vicugna<\/em> - und setzt sich zusammen aus <strong>vier Arten, die nur in S\u00fcdamerika vorkommen<\/strong>die alle in hochgelegenen Regionen leben:<\/p>\n\n\n\n<ul class=\"wp-block-list\">\n<li><strong>Zwei wildlebende Arten<\/strong>: Guanako und Vicu\u00f1a<\/li>\n\n\n\n<li><strong>Zwei heimische Arten<\/strong>: Lama und Alpaka<\/li>\n<\/ul>\n\n\n\n<p>Interessanterweise k\u00f6nnen sich diese Arten miteinander kreuzen und gesunde Nachkommen produzieren.<\/p>\n\n\n\n<hr class=\"wp-block-separator has-alpha-channel-opacity\"\/>\n\n\n\n<h2 class=\"wp-block-heading\">\ud83d\udd0d Wie sich Lamini von Kamelen unterscheiden<\/h2>\n\n\n\n<p>Lamini sind gekennzeichnet durch ihre <strong>lange, schlanke H\u00e4lse<\/strong>ein Merkmal, das ihnen ihren aus dem Griechischen stammenden Namen \"auquenid\" (<em>\u03b1\u1f50\u03c7\u03ae\u03bd<\/em> bedeutet \"Hals\").<\/p>\n\n\n\n<p>Sie haben auch eine einzigartige <strong>Verdauungssystem<\/strong> die es ihnen erm\u00f6glicht, bestimmte Pflanzentoxine zu verzehren und zu verarbeiten, die andere Tiere nicht vertragen.<\/p>\n\n\n\n<p>Ein weiterer wesentlicher Unterschied ist die <strong>Fehlen von Sexualdimorphismus<\/strong> - M\u00e4nnchen und Weibchen sehen fast identisch aus und lassen sich nur durch die Untersuchung ihrer Fortpflanzungsorgane unterscheiden.<\/p>\n\n\n\n<hr class=\"wp-block-separator has-alpha-channel-opacity\"\/>\n\n\n\n<h2 class=\"wp-block-heading\">\ud83e\udd99 Die vier Lamini-Arten<\/h2>\n\n\n\n<h3 class=\"wp-block-heading\"><strong>Guanako (Wild)<\/strong><\/h3>\n\n\n\n<p>Das aus den Anden stammende Guanako hat ein braunes oder r\u00f6tlich-braunes Fell mit einer wei\u00dfen Unterseite, ein graues Gesicht und kleine, aufrechte Ohren.<\/p>\n\n\n\n<p><strong>Lustige Tatsache:<\/strong> In Chile k\u00f6nnen Guanakos legal zur Nahrungsgewinnung gejagt werden.<\/p>\n\n\n\n<p><strong>Bev\u00f6lkerung:<\/strong> 400,000-600,000<\/p>\n\n\n\n<p><strong>H\u00f6he:<\/strong> 1.0-1.2 m<\/p>\n\n\n\n<p><strong>Gewicht:<\/strong> 90-120 kg<\/p>\n\n\n\n<figure class=\"wp-block-image size-full\"><img fetchpriority=\"high\" decoding=\"async\" width=\"768\" height=\"512\" src=\"https:\/\/camelpark.es\/wp-content\/uploads\/2025\/07\/guanaco-en-chile.webp\" alt=\"guanaco en las monta\u00f1as\" class=\"wp-image-1748\" title=\"\" srcset=\"https:\/\/camelpark.es\/wp-content\/uploads\/2025\/07\/guanaco-en-chile.webp 768w, https:\/\/camelpark.es\/wp-content\/uploads\/2025\/07\/guanaco-en-chile-300x200.webp 300w, https:\/\/camelpark.es\/wp-content\/uploads\/2025\/07\/guanaco-en-chile-18x12.webp 18w\" sizes=\"(max-width: 768px) 100vw, 768px\" \/><\/figure>\n\n\n\n<h3 class=\"wp-block-heading\"><strong>Vicu\u00f1a (Wild)<\/strong><\/h3>\n\n\n\n<p>Das ebenfalls in den hohen Anden beheimatete Vikunja produziert die feinste und weichste Wolle der Kamelidenfamilie und wird nur alle drei Jahre geerntet. Zu Zeiten der Inka durften nur K\u00f6nige Vicu\u00f1a-Kleidung tragen.<\/p>\n\n\n\n<p><strong>Nationales Symbol:<\/strong> Perus Nationaltier<\/p>\n\n\n\n<p><strong>Bev\u00f6lkerung:<\/strong> Etwa 350.000 (dank der Bem\u00fchungen um den Naturschutz)<\/p>\n\n\n\n<p><strong>H\u00f6he:<\/strong> 1.4-1.6 m<\/p>\n\n\n\n<p><strong>Gewicht:<\/strong> 40-65 kg<\/p>\n\n\n\n<figure class=\"wp-block-image size-full\"><img decoding=\"async\" width=\"768\" height=\"486\" src=\"https:\/\/camelpark.es\/wp-content\/uploads\/2025\/07\/vicuna-en-peru.webp\" alt=\"grupo de vicu\u00f1a en per\u00fa\" class=\"wp-image-1749\" title=\"\" srcset=\"https:\/\/camelpark.es\/wp-content\/uploads\/2025\/07\/vicuna-en-peru.webp 768w, https:\/\/camelpark.es\/wp-content\/uploads\/2025\/07\/vicuna-en-peru-300x190.webp 300w, https:\/\/camelpark.es\/wp-content\/uploads\/2025\/07\/vicuna-en-peru-18x12.webp 18w\" sizes=\"(max-width: 768px) 100vw, 768px\" \/><\/figure>\n\n\n\n<h3 class=\"wp-block-heading\"><strong>Lama (einheimisch)<\/strong><\/h3>\n\n\n\n<p>Lamas werden seit Jahrhunderten domestiziert und stammen urspr\u00fcnglich aus den Ebenen Nordamerikas, bevor sie in S\u00fcdamerika zu einem wichtigen Lasttier wurden. Ihr Fell kann wei\u00df, schwarz, grau oder braun sein, und sie haben lange H\u00e4lse, kurze, gebogene Schw\u00e4nze und gro\u00dfe Ohren.<\/p>\n\n\n\n<p><strong>Verwendet:<\/strong> Packtiere, Wollproduktion<\/p>\n\n\n\n<p><strong>Bev\u00f6lkerung:<\/strong> ~7 Millionen (h\u00e4ufigste Lamini-Art)<\/p>\n\n\n\n<p><strong>H\u00f6he:<\/strong> 1.7-1.8 m<\/p>\n\n\n\n<p><strong>Gewicht:<\/strong> 120-200 kg<\/p>\n\n\n\n<figure class=\"wp-block-image size-full\"><img decoding=\"async\" width=\"768\" height=\"513\" src=\"https:\/\/camelpark.es\/wp-content\/uploads\/2025\/07\/lama-blanco.webp\" alt=\"llama blanco subiendo una monta\u00f1a\" class=\"wp-image-1750\" title=\"\" srcset=\"https:\/\/camelpark.es\/wp-content\/uploads\/2025\/07\/lama-blanco.webp 768w, https:\/\/camelpark.es\/wp-content\/uploads\/2025\/07\/lama-blanco-300x200.webp 300w, https:\/\/camelpark.es\/wp-content\/uploads\/2025\/07\/lama-blanco-18x12.webp 18w\" sizes=\"(max-width: 768px) 100vw, 768px\" \/><\/figure>\n\n\n\n<h3 class=\"wp-block-heading\"><strong>Alpaka (einheimisch)<\/strong><\/h3>\n\n\n\n<p>Alpakas sind kleiner als Lamas und werden wegen ihres unglaublich weichen Vlieses gesch\u00e4tzt, das es laut peruanischen Quellen in \u00fcber 32 Farben gibt. Sie gedeihen in extremen H\u00f6henlagen, wo ihre Wolle zur Herstellung von M\u00fctzen, Handschuhen, Schals, Pullovern, Decken und Schals verwendet wird.<\/p>\n\n\n\n<p><strong>Gewicht:<\/strong> 45-85 kg<\/p>\n\n\n\n<p><strong>Bev\u00f6lkerung:<\/strong> Hochgradig domestiziert, Millionen weltweit<\/p>\n\n\n\n<p><strong>H\u00f6he:<\/strong> 0.8-1.0 m<\/p>\n\n\n\n<figure class=\"wp-block-image size-full\"><img loading=\"lazy\" decoding=\"async\" width=\"768\" height=\"512\" src=\"https:\/\/camelpark.es\/wp-content\/uploads\/2025\/07\/alpaca.webp\" alt=\"grupo de alpacas marrones en la monta\u00f1a\" class=\"wp-image-1751\" title=\"\" srcset=\"https:\/\/camelpark.es\/wp-content\/uploads\/2025\/07\/alpaca.webp 768w, https:\/\/camelpark.es\/wp-content\/uploads\/2025\/07\/alpaca-300x200.webp 300w, https:\/\/camelpark.es\/wp-content\/uploads\/2025\/07\/alpaca-18x12.webp 18w\" sizes=\"(max-width: 768px) 100vw, 768px\" \/><\/figure>\n\n\n\n<h2 class=\"wp-block-heading\">\ud83c\udf0e Der Lamini - H\u00f6henspezialist<\/h2>\n\n\n\n<p>Von den windgepeitschten Gipfeln der Anden bis hin zu den grasbewachsenen Hochebenen haben sich die Lamini perfekt an ihre Umgebung angepasst. Ob wild oder domestiziert, sie bleiben ein wesentlicher Bestandteil der s\u00fcdamerikanischen Kultur, Geschichte und Wirtschaft.<\/p>","protected":false},"excerpt":{"rendered":"<p>Anteriormente, en un art\u00edculo comentamos los tipos de\u00a0camellos que existen en la actualidad, los cuales habitan en las In a previous article, we explored the different types of camels found today in the arid plains of Asia and Africa. But the Camelidae family is bigger than that \u2014 and today, we\u2019re meeting its South American [&hellip;]<\/p>\n","protected":false},"author":25,"featured_media":1747,"comment_status":"closed","ping_status":"open","sticky":false,"template":"","format":"standard","meta":{"_acf_changed":false,"footnotes":""},"categories":[35,46,34],"tags":[],"class_list":["post-1746","post","type-post","status-publish","format-standard","has-post-thumbnail","hentry","category-curiosidades-del-camello","category-historia-y-cultura","category-la-vida-de-los-camellos"],"acf":[],"_links":{"self":[{"href":"https:\/\/camelpark.es\/de\/wp-json\/wp\/v2\/posts\/1746","targetHints":{"allow":["GET"]}}],"collection":[{"href":"https:\/\/camelpark.es\/de\/wp-json\/wp\/v2\/posts"}],"about":[{"href":"https:\/\/camelpark.es\/de\/wp-json\/wp\/v2\/types\/post"}],"author":[{"embeddable":true,"href":"https:\/\/camelpark.es\/de\/wp-json\/wp\/v2\/users\/25"}],"replies":[{"embeddable":true,"href":"https:\/\/camelpark.es\/de\/wp-json\/wp\/v2\/comments?post=1746"}],"version-history":[{"count":2,"href":"https:\/\/camelpark.es\/de\/wp-json\/wp\/v2\/posts\/1746\/revisions"}],"predecessor-version":[{"id":2153,"href":"https:\/\/camelpark.es\/de\/wp-json\/wp\/v2\/posts\/1746\/revisions\/2153"}],"wp:featuredmedia":[{"embeddable":true,"href":"https:\/\/camelpark.es\/de\/wp-json\/wp\/v2\/media\/1747"}],"wp:attachment":[{"href":"https:\/\/camelpark.es\/de\/wp-json\/wp\/v2\/media?parent=1746"}],"wp:term":[{"taxonomy":"category","embeddable":true,"href":"https:\/\/camelpark.es\/de\/wp-json\/wp\/v2\/categories?post=1746"},{"taxonomy":"post_tag","embeddable":true,"href":"https:\/\/camelpark.es\/de\/wp-json\/wp\/v2\/tags?post=1746"}],"curies":[{"name":"wp","href":"https:\/\/api.w.org\/{rel}","templated":true}]}}