{"id":1746,"date":"2025-06-02T17:03:00","date_gmt":"2025-06-02T16:03:00","guid":{"rendered":"https:\/\/testing.websbg.com\/?p=1746"},"modified":"2025-08-18T15:50:57","modified_gmt":"2025-08-18T14:50:57","slug":"familia-de-los-camelidos-lamini","status":"publish","type":"post","link":"https:\/\/camelpark.es\/es\/familia-de-los-camelidos-lamini\/","title":{"rendered":"Conoce a los Lamini - Los miembros sudamericanos de la familia de los cam\u00e9lidos \ud83e\udd99"},"content":{"rendered":"<p>Anteriormente, en un art\u00edculo coment\u00e1bamos los tipos de\u00a0<a href=\"https:\/\/camelpark.es\/es\/tipos-de-camellos\/\">camellos que existen en la actualidad<\/a>, los cuales habitan en las En un art\u00edculo anterior, exploramos los distintos tipos de camellos que se encuentran hoy en las \u00e1ridas llanuras de Asia y \u00c1frica. Pero los <strong>Familia Camelidae<\/strong> es m\u00e1s grande que eso, y hoy vamos a conocer su rama sudamericana: la <strong>Lamini<\/strong>.<\/p>\n\n\n\n<hr class=\"wp-block-separator has-alpha-channel-opacity\"\/>\n\n\n\n<h2 class=\"wp-block-heading\">\ud83d\udc2a \u00bfQui\u00e9nes son los Lamini?<\/h2>\n\n\n\n<p>El Lamini, tambi\u00e9n conocido como <strong>auqu\u00e9nidos<\/strong>forman parte de la familia de los cam\u00e9lidos. Este grupo incluye dos g\u00e9neros - <em>Lama<\/em> y <em>Vicugna<\/em> - y se compone de <strong>cuatro especies que s\u00f3lo se encuentran en Sudam\u00e9rica<\/strong>Todos viven en regiones de gran altitud:<\/p>\n\n\n\n<ul class=\"wp-block-list\">\n<li><strong>Dos especies salvajes<\/strong>: Guanaco y vicu\u00f1a<\/li>\n\n\n\n<li><strong>Dos especies dom\u00e9sticas<\/strong>: Llama y alpaca<\/li>\n<\/ul>\n\n\n\n<p>Curiosamente, estas especies pueden cruzarse y producir descendencia sana.<\/p>\n\n\n\n<hr class=\"wp-block-separator has-alpha-channel-opacity\"\/>\n\n\n\n<h2 class=\"wp-block-heading\">\ud83d\udd0d En qu\u00e9 se diferencian los Lamini de los Camellos<\/h2>\n\n\n\n<p>Los Lamini se caracterizan por <strong>cuellos largos y delgados<\/strong>lo que les da su nombre griego de \"auqu\u00e9nidos\" (<em>\u03b1\u1f50\u03c7\u03ae\u03bd<\/em> que significa \"cuello\").<\/p>\n\n\n\n<p>Tambi\u00e9n tienen un <strong>aparato digestivo<\/strong> que les permite consumir y procesar ciertas toxinas vegetales que otros animales no pueden tolerar.<\/p>\n\n\n\n<p>Otra diferencia clave es la <strong>falta de dimorfismo sexual<\/strong> - Los machos y las hembras parecen casi id\u00e9nticos, y s\u00f3lo pueden distinguirse examinando sus \u00f3rganos reproductores.<\/p>\n\n\n\n<hr class=\"wp-block-separator has-alpha-channel-opacity\"\/>\n\n\n\n<h2 class=\"wp-block-heading\">\ud83e\udd99 Las cuatro especies de Lamini<\/h2>\n\n\n\n<h3 class=\"wp-block-heading\"><strong>Guanaco (Silvestre)<\/strong><\/h3>\n\n\n\n<p>Originario de la cordillera de los Andes, el guanaco tiene el pelaje marr\u00f3n o marr\u00f3n rojizo con la parte inferior blanca, la cara gris y las orejas peque\u00f1as y erguidas.<\/p>\n\n\n\n<p><strong>Un dato curioso:<\/strong> En Chile, los guanacos pueden cazarse legalmente como alimento.<\/p>\n\n\n\n<p><strong>Poblaci\u00f3n:<\/strong> 400,000-600,000<\/p>\n\n\n\n<p><strong>Altura:<\/strong> 1.0-1.2 m<\/p>\n\n\n\n<p><strong>Peso:<\/strong> 90-120 kg<\/p>\n\n\n\n<figure class=\"wp-block-image size-full\"><img fetchpriority=\"high\" decoding=\"async\" width=\"768\" height=\"512\" src=\"https:\/\/camelpark.es\/wp-content\/uploads\/2025\/07\/guanaco-en-chile.webp\" alt=\"guanaco en las monta\u00f1as\" class=\"wp-image-1748\" title=\"\" srcset=\"https:\/\/camelpark.es\/wp-content\/uploads\/2025\/07\/guanaco-en-chile.webp 768w, https:\/\/camelpark.es\/wp-content\/uploads\/2025\/07\/guanaco-en-chile-300x200.webp 300w, https:\/\/camelpark.es\/wp-content\/uploads\/2025\/07\/guanaco-en-chile-18x12.webp 18w\" sizes=\"(max-width: 768px) 100vw, 768px\" \/><\/figure>\n\n\n\n<h3 class=\"wp-block-heading\"><strong>Vicu\u00f1a (Silvestre)<\/strong><\/h3>\n\n\n\n<p>Tambi\u00e9n originaria de los altos Andes, la vicu\u00f1a produce la lana m\u00e1s fina y suave de la familia de los cam\u00e9lidos, que s\u00f3lo se cosecha una vez cada tres a\u00f1os. En tiempos de los incas, s\u00f3lo la realeza pod\u00eda vestir prendas de vicu\u00f1a.<\/p>\n\n\n\n<p><strong>S\u00edmbolo nacional:<\/strong> El animal nacional de Per\u00fa<\/p>\n\n\n\n<p><strong>Poblaci\u00f3n:<\/strong> Alrededor de 350.000 (gracias a los esfuerzos de conservaci\u00f3n)<\/p>\n\n\n\n<p><strong>Altura:<\/strong> 1.4-1.6 m<\/p>\n\n\n\n<p><strong>Peso:<\/strong> 40-65 kg<\/p>\n\n\n\n<figure class=\"wp-block-image size-full\"><img decoding=\"async\" width=\"768\" height=\"486\" src=\"https:\/\/camelpark.es\/wp-content\/uploads\/2025\/07\/vicuna-en-peru.webp\" alt=\"grupo de vicu\u00f1a en per\u00fa\" class=\"wp-image-1749\" title=\"\" srcset=\"https:\/\/camelpark.es\/wp-content\/uploads\/2025\/07\/vicuna-en-peru.webp 768w, https:\/\/camelpark.es\/wp-content\/uploads\/2025\/07\/vicuna-en-peru-300x190.webp 300w, https:\/\/camelpark.es\/wp-content\/uploads\/2025\/07\/vicuna-en-peru-18x12.webp 18w\" sizes=\"(max-width: 768px) 100vw, 768px\" \/><\/figure>\n\n\n\n<h3 class=\"wp-block-heading\"><strong>Llama (dom\u00e9stica)<\/strong><\/h3>\n\n\n\n<p>Domesticadas desde hace siglos, las llamas se originaron en las llanuras de Norteam\u00e9rica antes de convertirse en un animal de carga b\u00e1sico en Sudam\u00e9rica. Su pelaje puede ser blanco, negro, gris o marr\u00f3n, y tienen cuello largo, cola corta y curvada y orejas grandes.<\/p>\n\n\n\n<p><strong>Usos:<\/strong> Animales de carga, producci\u00f3n de lana<\/p>\n\n\n\n<p><strong>Poblaci\u00f3n:<\/strong> ~7 millones (especie de lamini m\u00e1s abundante)<\/p>\n\n\n\n<p><strong>Altura:<\/strong> 1.7-1.8 m<\/p>\n\n\n\n<p><strong>Peso:<\/strong> 120-200 kg<\/p>\n\n\n\n<figure class=\"wp-block-image size-full\"><img decoding=\"async\" width=\"768\" height=\"513\" src=\"https:\/\/camelpark.es\/wp-content\/uploads\/2025\/07\/lama-blanco.webp\" alt=\"llama blanco subiendo una monta\u00f1a\" class=\"wp-image-1750\" title=\"\" srcset=\"https:\/\/camelpark.es\/wp-content\/uploads\/2025\/07\/lama-blanco.webp 768w, https:\/\/camelpark.es\/wp-content\/uploads\/2025\/07\/lama-blanco-300x200.webp 300w, https:\/\/camelpark.es\/wp-content\/uploads\/2025\/07\/lama-blanco-18x12.webp 18w\" sizes=\"(max-width: 768px) 100vw, 768px\" \/><\/figure>\n\n\n\n<h3 class=\"wp-block-heading\"><strong>Alpaca (dom\u00e9stica)<\/strong><\/h3>\n\n\n\n<p>M\u00e1s peque\u00f1as que las llamas, las alpacas son apreciadas por su lana incre\u00edblemente suave, disponible en m\u00e1s de 32 colores seg\u00fan fuentes peruanas. Prosperan en altitudes extremas, donde su lana se utiliza para confeccionar gorros, guantes, bufandas, su\u00e9teres, mantas y chales.<\/p>\n\n\n\n<p><strong>Peso:<\/strong> 45-85 kg<\/p>\n\n\n\n<p><strong>Poblaci\u00f3n:<\/strong> Muy domesticado, millones en todo el mundo<\/p>\n\n\n\n<p><strong>Altura:<\/strong> 0.8-1.0 m<\/p>\n\n\n\n<figure class=\"wp-block-image size-full\"><img loading=\"lazy\" decoding=\"async\" width=\"768\" height=\"512\" src=\"https:\/\/camelpark.es\/wp-content\/uploads\/2025\/07\/alpaca.webp\" alt=\"grupo de alpacas marrones en la monta\u00f1a\" class=\"wp-image-1751\" title=\"\" srcset=\"https:\/\/camelpark.es\/wp-content\/uploads\/2025\/07\/alpaca.webp 768w, https:\/\/camelpark.es\/wp-content\/uploads\/2025\/07\/alpaca-300x200.webp 300w, https:\/\/camelpark.es\/wp-content\/uploads\/2025\/07\/alpaca-18x12.webp 18w\" sizes=\"(max-width: 768px) 100vw, 768px\" \/><\/figure>\n\n\n\n<h2 class=\"wp-block-heading\">\ud83c\udf0e Los Lamini - Especialistas en altura<\/h2>\n\n\n\n<p>Desde las cumbres azotadas por el viento de los Andes hasta las tierras altas cubiertas de hierba, los lamini se han adaptado perfectamente a su entorno. Ya sean salvajes o domesticados, siguen siendo una parte esencial de la cultura, la historia y la econom\u00eda sudamericanas.<\/p>","protected":false},"excerpt":{"rendered":"<p>Anteriormente, en un art\u00edculo comentamos los tipos de\u00a0camellos que existen en la actualidad, los cuales habitan en las In a previous article, we explored the different types of camels found today in the arid plains of Asia and Africa. But the Camelidae family is bigger than that \u2014 and today, we\u2019re meeting its South American [&hellip;]<\/p>\n","protected":false},"author":25,"featured_media":1747,"comment_status":"closed","ping_status":"open","sticky":false,"template":"","format":"standard","meta":{"_acf_changed":false,"footnotes":""},"categories":[35,46,34],"tags":[],"class_list":["post-1746","post","type-post","status-publish","format-standard","has-post-thumbnail","hentry","category-curiosidades-del-camello","category-historia-y-cultura","category-la-vida-de-los-camellos"],"acf":[],"_links":{"self":[{"href":"https:\/\/camelpark.es\/es\/wp-json\/wp\/v2\/posts\/1746","targetHints":{"allow":["GET"]}}],"collection":[{"href":"https:\/\/camelpark.es\/es\/wp-json\/wp\/v2\/posts"}],"about":[{"href":"https:\/\/camelpark.es\/es\/wp-json\/wp\/v2\/types\/post"}],"author":[{"embeddable":true,"href":"https:\/\/camelpark.es\/es\/wp-json\/wp\/v2\/users\/25"}],"replies":[{"embeddable":true,"href":"https:\/\/camelpark.es\/es\/wp-json\/wp\/v2\/comments?post=1746"}],"version-history":[{"count":2,"href":"https:\/\/camelpark.es\/es\/wp-json\/wp\/v2\/posts\/1746\/revisions"}],"predecessor-version":[{"id":2153,"href":"https:\/\/camelpark.es\/es\/wp-json\/wp\/v2\/posts\/1746\/revisions\/2153"}],"wp:featuredmedia":[{"embeddable":true,"href":"https:\/\/camelpark.es\/es\/wp-json\/wp\/v2\/media\/1747"}],"wp:attachment":[{"href":"https:\/\/camelpark.es\/es\/wp-json\/wp\/v2\/media?parent=1746"}],"wp:term":[{"taxonomy":"category","embeddable":true,"href":"https:\/\/camelpark.es\/es\/wp-json\/wp\/v2\/categories?post=1746"},{"taxonomy":"post_tag","embeddable":true,"href":"https:\/\/camelpark.es\/es\/wp-json\/wp\/v2\/tags?post=1746"}],"curies":[{"name":"wp","href":"https:\/\/api.w.org\/{rel}","templated":true}]}}