{"id":1746,"date":"2025-06-02T17:03:00","date_gmt":"2025-06-02T16:03:00","guid":{"rendered":"https:\/\/testing.websbg.com\/?p=1746"},"modified":"2025-08-18T15:50:57","modified_gmt":"2025-08-18T14:50:57","slug":"famille-des-camelides-lamini","status":"publish","type":"post","link":"https:\/\/camelpark.es\/fr\/famille-des-camelides-lamini\/","title":{"rendered":"Rencontrez les Lamini - Les membres sud-am\u00e9ricains de la famille des cam\u00e9lid\u00e9s \ud83e\udd99"},"content":{"rendered":"<p>Pr\u00e9c\u00e9demment, dans un article, nous avons comment\u00e9 les types de\u00a0<a href=\"https:\/\/camelpark.es\/fr\/tipos-de-camellos\/\">camellos que existen en la actualidad<\/a>Dans un article pr\u00e9c\u00e9dent, nous avons explor\u00e9 les diff\u00e9rents types de chameaux que l'on trouve aujourd'hui dans les plaines arides d'Asie et d'Afrique. Mais les <strong>Famille des cam\u00e9lid\u00e9s<\/strong> est plus grand que cela - et aujourd'hui, nous rencontrons sa branche sud-am\u00e9ricaine : la <strong>Lamini<\/strong>.<\/p>\n\n\n\n<hr class=\"wp-block-separator has-alpha-channel-opacity\"\/>\n\n\n\n<h2 class=\"wp-block-heading\">\ud83d\udc2a Qui sont les Lamini ?<\/h2>\n\n\n\n<p>Le Lamini, \u00e9galement connu sous le nom de <strong>auquenides<\/strong>font partie de la famille des cam\u00e9lid\u00e9s. Ce groupe comprend deux genres - <em>Lama<\/em> et <em>Vicugna<\/em> - et se compose de <strong>quatre esp\u00e8ces pr\u00e9sentes uniquement en Am\u00e9rique du Sud<\/strong>qui vivent tous dans des r\u00e9gions de haute altitude :<\/p>\n\n\n\n<ul class=\"wp-block-list\">\n<li><strong>Deux esp\u00e8ces sauvages<\/strong>: Guanaco et vigogne<\/li>\n\n\n\n<li><strong>Deux esp\u00e8ces domestiques<\/strong>: Lamas et alpagas<\/li>\n<\/ul>\n\n\n\n<p>Il est int\u00e9ressant de noter que ces esp\u00e8ces peuvent se croiser et produire une prog\u00e9niture saine.<\/p>\n\n\n\n<hr class=\"wp-block-separator has-alpha-channel-opacity\"\/>\n\n\n\n<h2 class=\"wp-block-heading\">\ud83d\udd0d Les diff\u00e9rences entre les lamas et les chameaux<\/h2>\n\n\n\n<p>Les lamines se caract\u00e9risent par leur <strong>des cous longs et minces<\/strong>Cette caract\u00e9ristique leur a valu le nom de \"auquenid\", d\u00e9riv\u00e9 du grec (<em>\u03b1\u1f50\u03c7\u03ae\u03bd<\/em> signifiant \"cou\").<\/p>\n\n\n\n<p>Ils disposent \u00e9galement d'une <strong>syst\u00e8me digestif<\/strong> qui leur permet de consommer et de traiter certaines toxines v\u00e9g\u00e9tales que les autres animaux ne peuvent tol\u00e9rer.<\/p>\n\n\n\n<p>Une autre diff\u00e9rence essentielle est la <strong>l'absence de dimorphisme sexuel<\/strong> - Les m\u00e2les et les femelles sont presque identiques et ne peuvent \u00eatre distingu\u00e9s que par l'examen de leurs organes reproducteurs.<\/p>\n\n\n\n<hr class=\"wp-block-separator has-alpha-channel-opacity\"\/>\n\n\n\n<h2 class=\"wp-block-heading\">\ud83e\udd99 Les quatre esp\u00e8ces de lamineurs<\/h2>\n\n\n\n<h3 class=\"wp-block-heading\"><strong>Guanaco (sauvage)<\/strong><\/h3>\n\n\n\n<p>Originaire de la cordill\u00e8re des Andes, le guanaco a une fourrure brune ou brun-rouge avec le dessous blanc, une face grise et de petites oreilles droites.<\/p>\n\n\n\n<p><strong>Fait amusant :<\/strong> Au Chili, les guanacos peuvent \u00eatre chass\u00e9s l\u00e9galement pour l'alimentation.<\/p>\n\n\n\n<p><strong>Population :<\/strong> 400,000-600,000<\/p>\n\n\n\n<p><strong>Hauteur :<\/strong> 1.0-1.2 m<\/p>\n\n\n\n<p><strong>Poids :<\/strong> 90-120 kg<\/p>\n\n\n\n<figure class=\"wp-block-image size-full\"><img fetchpriority=\"high\" decoding=\"async\" width=\"768\" height=\"512\" src=\"https:\/\/camelpark.es\/wp-content\/uploads\/2025\/07\/guanaco-en-chile.webp\" alt=\"guanaco en las monta\u00f1as\" class=\"wp-image-1748\" title=\"\" srcset=\"https:\/\/camelpark.es\/wp-content\/uploads\/2025\/07\/guanaco-en-chile.webp 768w, https:\/\/camelpark.es\/wp-content\/uploads\/2025\/07\/guanaco-en-chile-300x200.webp 300w, https:\/\/camelpark.es\/wp-content\/uploads\/2025\/07\/guanaco-en-chile-18x12.webp 18w\" sizes=\"(max-width: 768px) 100vw, 768px\" \/><\/figure>\n\n\n\n<h3 class=\"wp-block-heading\"><strong>Vigogne (sauvage)<\/strong><\/h3>\n\n\n\n<p>\u00c9galement originaire des hautes Andes, la vigogne produit la laine la plus fine et la plus douce de la famille des cam\u00e9lid\u00e9s. Elle n'est r\u00e9colt\u00e9e qu'une fois tous les trois ans. \u00c0 l'\u00e9poque des Incas, seuls les membres de la famille royale pouvaient porter des v\u00eatements en vigogne.<\/p>\n\n\n\n<p><strong>Symbole national :<\/strong> L'animal national du P\u00e9rou<\/p>\n\n\n\n<p><strong>Population :<\/strong> Environ 350 000 (gr\u00e2ce aux efforts de conservation)<\/p>\n\n\n\n<p><strong>Hauteur :<\/strong> 1.4-1.6 m<\/p>\n\n\n\n<p><strong>Poids :<\/strong> 40-65 kg<\/p>\n\n\n\n<figure class=\"wp-block-image size-full\"><img decoding=\"async\" width=\"768\" height=\"486\" src=\"https:\/\/camelpark.es\/wp-content\/uploads\/2025\/07\/vicuna-en-peru.webp\" alt=\"groupe de vigognes au perou\" class=\"wp-image-1749\" title=\"\" srcset=\"https:\/\/camelpark.es\/wp-content\/uploads\/2025\/07\/vicuna-en-peru.webp 768w, https:\/\/camelpark.es\/wp-content\/uploads\/2025\/07\/vicuna-en-peru-300x190.webp 300w, https:\/\/camelpark.es\/wp-content\/uploads\/2025\/07\/vicuna-en-peru-18x12.webp 18w\" sizes=\"(max-width: 768px) 100vw, 768px\" \/><\/figure>\n\n\n\n<h3 class=\"wp-block-heading\"><strong>Lama (domestique)<\/strong><\/h3>\n\n\n\n<p>Domestiqu\u00e9s depuis des si\u00e8cles, les lamas sont originaires des plaines d'Am\u00e9rique du Nord avant de devenir un animal de b\u00e2t de base en Am\u00e9rique du Sud. Leur pelage peut \u00eatre blanc, noir, gris ou brun. Ils ont un long cou, une courte queue recourb\u00e9e et de grandes oreilles.<\/p>\n\n\n\n<p><strong>Utilisations :<\/strong> Animaux de b\u00e2t, production de laine<\/p>\n\n\n\n<p><strong>Population :<\/strong> ~7 millions (esp\u00e8ce de laminaire la plus abondante)<\/p>\n\n\n\n<p><strong>Hauteur :<\/strong> 1.7-1.8 m<\/p>\n\n\n\n<p><strong>Poids :<\/strong> 120-200 kg<\/p>\n\n\n\n<figure class=\"wp-block-image size-full\"><img decoding=\"async\" width=\"768\" height=\"513\" src=\"https:\/\/camelpark.es\/wp-content\/uploads\/2025\/07\/lama-blanco.webp\" alt=\"llama blanco subiendo una monta\u00f1a\" class=\"wp-image-1750\" title=\"\" srcset=\"https:\/\/camelpark.es\/wp-content\/uploads\/2025\/07\/lama-blanco.webp 768w, https:\/\/camelpark.es\/wp-content\/uploads\/2025\/07\/lama-blanco-300x200.webp 300w, https:\/\/camelpark.es\/wp-content\/uploads\/2025\/07\/lama-blanco-18x12.webp 18w\" sizes=\"(max-width: 768px) 100vw, 768px\" \/><\/figure>\n\n\n\n<h3 class=\"wp-block-heading\"><strong>Alpaga (domestique)<\/strong><\/h3>\n\n\n\n<p>Plus petits que les lamas, les alpagas sont appr\u00e9ci\u00e9s pour leur toison incroyablement douce, disponible en plus de 32 couleurs selon des sources p\u00e9ruviennes. Ils prosp\u00e8rent \u00e0 des altitudes extr\u00eames, o\u00f9 leur laine est utilis\u00e9e pour fabriquer des chapeaux, des gants, des \u00e9charpes, des pulls, des couvertures et des ch\u00e2les.<\/p>\n\n\n\n<p><strong>Poids :<\/strong> 45-85 kg<\/p>\n\n\n\n<p><strong>Population :<\/strong> Grandement domestiqu\u00e9e, des millions dans le monde entier<\/p>\n\n\n\n<p><strong>Hauteur :<\/strong> 0.8-1.0 m<\/p>\n\n\n\n<figure class=\"wp-block-image size-full\"><img loading=\"lazy\" decoding=\"async\" width=\"768\" height=\"512\" src=\"https:\/\/camelpark.es\/wp-content\/uploads\/2025\/07\/alpaca.webp\" alt=\"groupe d&#039;alpagas marrons dans la montagne\" class=\"wp-image-1751\" title=\"\" srcset=\"https:\/\/camelpark.es\/wp-content\/uploads\/2025\/07\/alpaca.webp 768w, https:\/\/camelpark.es\/wp-content\/uploads\/2025\/07\/alpaca-300x200.webp 300w, https:\/\/camelpark.es\/wp-content\/uploads\/2025\/07\/alpaca-18x12.webp 18w\" sizes=\"(max-width: 768px) 100vw, 768px\" \/><\/figure>\n\n\n\n<h2 class=\"wp-block-heading\">\ud83c\udf0e Le Lamini - Sp\u00e9cialistes de la haute altitude<\/h2>\n\n\n\n<p>Des sommets des Andes balay\u00e9s par le vent aux hauts plateaux herbeux, les lamini se sont parfaitement adapt\u00e9s \u00e0 leur environnement. Qu'ils soient sauvages ou domestiqu\u00e9s, ils restent un \u00e9l\u00e9ment essentiel de la culture, de l'histoire et de l'\u00e9conomie de l'Am\u00e9rique du Sud.<\/p>","protected":false},"excerpt":{"rendered":"<p>Anteriormente, en un art\u00edculo comentamos los tipos de\u00a0camellos que existen en la actualidad, los cuales habitan en las In a previous article, we explored the different types of camels found today in the arid plains of Asia and Africa. But the Camelidae family is bigger than that \u2014 and today, we\u2019re meeting its South American [&hellip;]<\/p>\n","protected":false},"author":25,"featured_media":1747,"comment_status":"closed","ping_status":"open","sticky":false,"template":"","format":"standard","meta":{"_acf_changed":false,"footnotes":""},"categories":[35,46,34],"tags":[],"class_list":["post-1746","post","type-post","status-publish","format-standard","has-post-thumbnail","hentry","category-curiosidades-del-camello","category-historia-y-cultura","category-la-vida-de-los-camellos"],"acf":[],"_links":{"self":[{"href":"https:\/\/camelpark.es\/fr\/wp-json\/wp\/v2\/posts\/1746","targetHints":{"allow":["GET"]}}],"collection":[{"href":"https:\/\/camelpark.es\/fr\/wp-json\/wp\/v2\/posts"}],"about":[{"href":"https:\/\/camelpark.es\/fr\/wp-json\/wp\/v2\/types\/post"}],"author":[{"embeddable":true,"href":"https:\/\/camelpark.es\/fr\/wp-json\/wp\/v2\/users\/25"}],"replies":[{"embeddable":true,"href":"https:\/\/camelpark.es\/fr\/wp-json\/wp\/v2\/comments?post=1746"}],"version-history":[{"count":2,"href":"https:\/\/camelpark.es\/fr\/wp-json\/wp\/v2\/posts\/1746\/revisions"}],"predecessor-version":[{"id":2153,"href":"https:\/\/camelpark.es\/fr\/wp-json\/wp\/v2\/posts\/1746\/revisions\/2153"}],"wp:featuredmedia":[{"embeddable":true,"href":"https:\/\/camelpark.es\/fr\/wp-json\/wp\/v2\/media\/1747"}],"wp:attachment":[{"href":"https:\/\/camelpark.es\/fr\/wp-json\/wp\/v2\/media?parent=1746"}],"wp:term":[{"taxonomy":"category","embeddable":true,"href":"https:\/\/camelpark.es\/fr\/wp-json\/wp\/v2\/categories?post=1746"},{"taxonomy":"post_tag","embeddable":true,"href":"https:\/\/camelpark.es\/fr\/wp-json\/wp\/v2\/tags?post=1746"}],"curies":[{"name":"wp","href":"https:\/\/api.w.org\/{rel}","templated":true}]}}